{"id":1092,"date":"2022-05-20T01:04:52","date_gmt":"2022-05-19T23:04:52","guid":{"rendered":"https:\/\/morganelouisgobin.com\/?p=1092"},"modified":"2022-11-23T15:15:15","modified_gmt":"2022-11-23T14:15:15","slug":"les-normes-specifiques-de-la-dgccrf-sont-elle-legales","status":"publish","type":"post","link":"https:\/\/morganelouisgobin.com\/index.php\/2022\/05\/20\/les-normes-specifiques-de-la-dgccrf-sont-elle-legales\/","title":{"rendered":"Les \u00ab\u00a0normes\u00a0\u00bb sp\u00e9cifiques de la DGCCRF sont elle l\u00e9gales?"},"content":{"rendered":"\n<h5 class=\"wp-block-heading\"> Existence &#8211; ou PAS &#8211; d&rsquo;une base l\u00e9gale pour les contr\u00f4les de la DGCCRF<sup>(1)<\/sup> sur les c\u00e9ramiques alimentaires : limites  aluminium \/ arsenic \/ cobalt + plomb et cadmium sur la zone de contact buccal ? <\/h5>\n\n\n\n<p>20.05.2022 Pourquoi la DGCCRF ne r\u00e9pond-elle pas \u00e0 mes questions ?<\/p>\n\n\n\n<figure class=\"wp-block-image size-full is-style-default\"><img loading=\"lazy\" decoding=\"async\" width=\"779\" height=\"580\" src=\"https:\/\/morganelouisgobin.com\/wp-content\/uploads\/2022\/11\/Morgane_Louis_Gobin_ceramique_poterie_villard_de_lans_vercors_DGCCRF_normes_MCDA_france_alimentaire.png\" alt=\"\" class=\"wp-image-1760\" srcset=\"https:\/\/morganelouisgobin.com\/wp-content\/uploads\/2022\/11\/Morgane_Louis_Gobin_ceramique_poterie_villard_de_lans_vercors_DGCCRF_normes_MCDA_france_alimentaire.png 779w, https:\/\/morganelouisgobin.com\/wp-content\/uploads\/2022\/11\/Morgane_Louis_Gobin_ceramique_poterie_villard_de_lans_vercors_DGCCRF_normes_MCDA_france_alimentaire-300x223.png 300w, https:\/\/morganelouisgobin.com\/wp-content\/uploads\/2022\/11\/Morgane_Louis_Gobin_ceramique_poterie_villard_de_lans_vercors_DGCCRF_normes_MCDA_france_alimentaire-768x572.png 768w\" sizes=\"auto, (max-width: 779px) 100vw, 779px\" \/><\/figure>\n\n\n\n<p>Je me le demande tous les jours un peu plus, alors que cela fait maintenant <strong>7 semaines<\/strong> que mon courrier a \u00e9t\u00e9 transmis au bureau 4B en charge de la r\u00e9glementation. Et qu&rsquo;il a \u00e9t\u00e9 bien re\u00e7u. J&rsquo;ai v\u00e9rifi\u00e9.<\/p>\n\n\n\n<p>Ce d\u00e9lai de non-r\u00e9ponse est tout de m\u00eame surprenant. J&rsquo;avais partag\u00e9 dans un pr\u00e9c\u00e9dent <a href=\"https:\/\/morganelouisgobin.com\/index.php\/2022\/03\/24\/une-mediation-du-minefi-au-sujet-des-normes-de-la-dgccrf-sur-les-ceramiques-alimentaires\/\">article<\/a> l&rsquo;information selon laquelle <strong>cette m\u00e9diation avait \u00e9t\u00e9 accept\u00e9e par le Minist\u00e8re de l\u2019\u00c9conomie et des Finances<\/strong>. J&rsquo;esp\u00e9rais partager tr\u00e8s vite les \u00e9l\u00e9ments de r\u00e9ponse. A d\u00e9faut, je choisis de communiquer en toute transparence les questions que j&rsquo;ai adress\u00e9es.<\/p>\n\n\n\n<p>Avant de poursuivre, je tiens n\u00e9anmoins \u00e0 rappeler que je ne traite ni les lois, ni les sujets sanitaires avec l\u00e9g\u00e8ret\u00e9. C&rsquo;est tout le contraire puisque j&rsquo;en ai fait un <a href=\"https:\/\/morganelouisgobin.com\/index.php\/qui-suis-je\/\">sujet central de mon travail<\/a>,  en cr\u00e9ant la premi\u00e8re <a href=\"https:\/\/morganelouisgobin.com\/index.php\/programme-de-la-formation-reglementation\/\">formation <\/a>destin\u00e9e aux c\u00e9ramistes sur ces deux sujets  et en mettant au point une gamme de c\u00e9ramiques alimentaires (<a href=\"https:\/\/morganelouisgobin.com\/index.php\/gamme-alimentaire-zerotox\/\">ZEROTOX<\/a>) totalement exemptes d&rsquo;intrants class\u00e9s dangereux. <\/p>\n\n\n\n<figure class=\"wp-block-pullquote\"><blockquote><p>Dans ma d\u00e9marche un peu insistante vis \u00e0 vis de la DGCCRF &#8211; que j&rsquo;ai commenc\u00e9 \u00e0 contacter en novembre 2020 &#8211; il ne s&rsquo;agit donc pas du tout de contester le bien fond\u00e9 de la protection de la sant\u00e9 des consommateurs ni de nier le probl\u00e8me &#8211; r\u00e9el &#8211; de l&rsquo;utilisation de mati\u00e8res premi\u00e8res class\u00e9es dangereuses en c\u00e9ramique alimentaire <\/p><\/blockquote><\/figure>\n\n\n\n<p>Mon point est le suivant : si un agent de contr\u00f4le se pr\u00e9sente sur mon point de vente, pr\u00e9l\u00e8ve des \u00e9chantillons de pi\u00e8ces et m&rsquo;adresse des sanctions, il est imp\u00e9ratif que cel\u00e0 s&rsquo;inscrive dans un cadre l\u00e9gal. <strong>De tels pouvoirs &#8211; \u00e9normes quand on y pense &#8211; doivent s&rsquo;appuyer sur un corpus de textes clairs<\/strong>, quand on a la chance de vivre dans un Etat de droit.  <\/p>\n\n\n\n<p>La deuxi\u00e8me raison pour laquelle j&rsquo;insiste aupr\u00e8s de la DGCCRF concerne le fait que la seule preuve accept\u00e9e soit un certificat de laboratoire. On se demande donc <strong>\u00e0 quoi peuvent bien servir toutes les exigences des r\u00e8glements de 2004 et 2006<sup>(2)<\/sup> <\/strong>au sujet des dossiers de tra\u00e7abilit\u00e9 et de bonnes pratiques, si de toutes fa\u00e7ons l&rsquo;agent de contr\u00f4le ne s&rsquo;int\u00e9resse qu&rsquo;au certificat du labo. <\/p>\n\n\n\n<p>Enfin, la 3\u00e8me raison &#8211; et pas des moindres &#8211; tient \u00e0 <strong>l&rsquo;impact \u00e9conomique pour nous artisans<\/strong> de la r\u00e9alisation de ces tests par un laboratoire. Cela commence par la perte s\u00e8che de la valeur des pi\u00e8ces envoy\u00e9es. S&rsquo;y ajoutent les frais de port et &#8211; last but not least &#8211; le co\u00fbt tr\u00e8s \u00e9lev\u00e9 des tests eux-m\u00eames. <\/p>\n\n\n\n<p>J&rsquo;avais cru sinc\u00e8rement que mon long courrier (5 pages) am\u00e8nerait une r\u00e9ponse rapide et je me pr\u00e9parais \u00e0 soigner mon \u00e9go si je d\u00e9couvrais que j&rsquo;\u00e9tais compl\u00e8tement pass\u00e9e \u00e0 cot\u00e9 d&rsquo;un d\u00e9cret, d&rsquo;un arr\u00eat\u00e9, d&rsquo;un quelque chose d\u00e9crivant les obligations auxquelles nous serions tenus, sp\u00e9cifiquement en France <sup>(3)<\/sup>. J&rsquo;ai retourn\u00e9 le journal officiel dans tous les sens sans rien trouver. Mais bon, personne n&rsquo;est \u00e0 l&rsquo;abri d&rsquo;un loup\u00e9. <\/p>\n\n\n\n<p>Aujourd&rsquo;hui c&rsquo;est plut\u00f4t l&rsquo;inverse : plus le temps passe et plus je me dis que j&rsquo;ai possiblement mis le doigt sur quelque chose. <\/p>\n\n\n\n<p>Alors voil\u00e0, une fois n&rsquo;est pas coutume. C&rsquo;est le premier article dans lequel je n&rsquo;ai pas de texte de loi \u00e0 citer, pas le moindre petit morceau d&rsquo;alin\u00e9a \u00e0 vous mettre sous la dent. Rien, nada. Aujourd&rsquo;hui tout ce que nous avons c&rsquo;est 359 caract\u00e8res (espaces compris) dans une note publi\u00e9e sur l&rsquo;extranet de la DGCCRF. La fameuse note MCDA n\u00b02. Si cel\u00e0 suffit \u00e0 justifier, sur le plan du droit fran\u00e7ais, tous les pouvoirs des agents de contr\u00f4le sur le sujet, j&rsquo;en serai fort marrie.<\/p>\n\n\n\n<figure class=\"wp-block-pullquote\"><blockquote><p>A d\u00e9faut de mieux, je choisis de vous recopier ici les questions que j&rsquo;ai adress\u00e9es dans mon courrier du 5 avril dernier <\/p><\/blockquote><\/figure>\n\n\n\n<p><strong>Question 1&nbsp;:<\/strong> Quel est le statut l\u00e9gal des \u00ab&nbsp;limites sp\u00e9cifiques&nbsp;\u00bb figurant dans la note MCDA n\u00b02 au sujet de la migration de plomb et cadmium sur la zone de contact buccal, ainsi que de la migration d\u2019aluminium, arsenic et cobalt&nbsp;? S\u2019agit-il de recommandations ou s\u2019agit-il d\u2019obligations l\u00e9gales auxquelles toute entreprise \u00e9tablie en France et mettant en vente des articles c\u00e9ramiques destin\u00e9s \u00e0 un usage alimentaire est soumise&nbsp;?<\/p>\n\n\n\n<p><strong>Question 2<\/strong>&nbsp;: s\u2019agit-il d\u2019obligations l\u00e9gales pour lesquelles une preuve de conformit\u00e9 doit \u00eatre fournie&nbsp;?<\/p>\n\n\n\n<p><strong>Question 3&nbsp;: <\/strong>s\u2019agit-il d\u2019obligations l\u00e9gales pour lesquelles la seule preuve de conformit\u00e9 accept\u00e9e est un certificat \u00e9tabli \u00e0 la suite d\u2019une mesure en laboratoire ?<\/p>\n\n\n\n<p><strong>Question 4&nbsp;<\/strong>: si le caract\u00e8re d\u2019obligation l\u00e9gale a \u00e9t\u00e9 \u00e9tabli dans les r\u00e9ponses aux questions pr\u00e9c\u00e9dentes, quelles sont les r\u00e9f\u00e9rences des textes de loi fran\u00e7ais (lois, d\u00e9crets, arr\u00eat\u00e9s etc\u2026) qui en attestent&nbsp;?<\/p>\n\n\n\n<p><strong>Question 5&nbsp;<\/strong>: en vertu de quels textes de loi fran\u00e7ais les agents de contr\u00f4le de la DGCCRF sont-ils fond\u00e9s \u00e0 exercer des contr\u00f4les, prises d\u2019\u00e9chantillons et sanctions au sujet de ces \u00ab&nbsp;limites sp\u00e9cifiques&nbsp;\u00bb?<\/p>\n\n\n\n<p><strong>Question 6&nbsp;<\/strong>: quelles que soient les r\u00e9ponses apport\u00e9es aux questions pr\u00e9c\u00e9dentes, pouvez-vous mettre \u00e0 jour la note MCDA n\u00b02 en cons\u00e9quence et accompagner la publication de cette mise \u00e0 jour d\u2019un communiqu\u00e9&nbsp;visant \u00e0 clarifier la situation ?<\/p>\n\n\n\n<p><strong>Question 7&nbsp;: <\/strong>si le caract\u00e8re d\u2019obligation l\u00e9gale a \u00e9t\u00e9 \u00e9tabli dans les r\u00e9ponses aux questions pr\u00e9c\u00e9dentes quel est l\u2019impact au titre du droit communautaire&nbsp;:<\/p>\n\n\n\n<ol class=\"wp-block-list\" type=\"a\">\n<li>La proc\u00e9dure de reconnaissance mutuelle&nbsp;doit-elle \u00eatre appliqu\u00e9e&nbsp;?<\/li>\n\n\n\n<li>Le cas \u00e9ch\u00e9ant l\u2019a-t-elle \u00e9t\u00e9&nbsp;? Pouvez-vous en fournir la preuve&nbsp;?<\/li>\n\n\n\n<li>Les \u00ab&nbsp;limites sp\u00e9cifiques&nbsp;\u00bb de la DGCCRF s\u2019imposent elles \u00e0 un c\u00e9ramiste implant\u00e9 dans un autre pays de l\u2019UE dans lequel aucune disposition sp\u00e9cifique n\u2019existe (exemple la Belgique) qui mettrait en vente des c\u00e9ramiques \u00e0 usage alimentaire&nbsp;sur le territoire fran\u00e7ais?<\/li>\n<\/ol>\n\n\n\n<p><\/p>\n\n\n\n<p>  A SUIVRE, bien entendu.<\/p>\n\n\n\n<figure class=\"wp-block-pullquote\"><blockquote><p>Deniers jours pour <a href=\"https:\/\/morganelouisgobin.com\/index.php\/formulaire-de-contact\/\">s&rsquo;inscrire \u00e0 la formation<\/a> R\u00e9glementations des risques chimiques en c\u00e9ramique, qui se tiendra les mardi 7 et 14 juin 2022 en distanciel, de 15h \u00e0 17h. <\/p><\/blockquote><\/figure>\n\n\n\n<p>(1) Direction G\u00e9n\u00e9rale de la concurrence, de la consommation et de la r\u00e9pression des fraudes<\/p>\n\n\n\n<p>(2) R\u00e8glement cadre 1935\/2004 et r\u00e8glement bonnes pratiques de fabrication 2023\/2006<\/p>\n\n\n\n<p>(3) En sus des obligations de la Directive europ\u00e9enne de 1984 (84\/500\/CEE) sur plomb et cadmium qui, elles, ne sont pas contestables mais ne portent que sur l&rsquo;int\u00e9rieur de la pi\u00e8ce c\u00e9ramique ; pas sur la zone de contact buccal \u00e0 l&rsquo;ext\u00e9rieur<\/p>\n\n\n\n<p> <\/p>\n","protected":false},"excerpt":{"rendered":"<p>Existence &#8211; ou PAS &#8211; d&rsquo;une base l\u00e9gale pour les contr\u00f4les de la DGCCRF(1) sur les c\u00e9ramiques alimentaires : limites<span class=\"view-more\"><a href=\"https:\/\/morganelouisgobin.com\/index.php\/2022\/05\/20\/les-normes-specifiques-de-la-dgccrf-sont-elle-legales\/\" class=\"more-link\">Pour lire la suite &#8230;<span class=\"screen-reader-text\">Les \u00ab\u00a0normes\u00a0\u00bb sp\u00e9cifiques de la DGCCRF sont elle l\u00e9gales?<\/span><\/a><\/span><\/p>\n","protected":false},"author":1,"featured_media":1760,"comment_status":"closed","ping_status":"open","sticky":false,"template":"","format":"standard","meta":{"_ti_tpc_template_sync":false,"_ti_tpc_template_id":"","footnotes":""},"categories":[7],"tags":[39,31,37,43,48,45],"class_list":["post-1092","post","type-post","status-publish","format-standard","has-post-thumbnail","hentry","category-ceramique-alimentaire","tag-ceramique","tag-ceramique-alimentaire","tag-dgccrf","tag-reglementation","tag-risques-sanitaires","tag-securite-alimentaire"],"yoast_head":"<!-- This site is optimized with the Yoast SEO plugin v21.9.1 - https:\/\/yoast.com\/wordpress\/plugins\/seo\/ -->\n<title>Les &quot;normes&quot; sp\u00e9cifiques de la DGCCRF sont elle l\u00e9gales? - Morgane Louis-Gobin<\/title>\n<meta name=\"robots\" content=\"index, follow, max-snippet:-1, max-image-preview:large, max-video-preview:-1\" \/>\n<link rel=\"canonical\" href=\"https:\/\/morganelouisgobin.com\/index.php\/2022\/05\/20\/les-normes-specifiques-de-la-dgccrf-sont-elle-legales\/\" \/>\n<meta property=\"og:locale\" content=\"fr_FR\" \/>\n<meta property=\"og:type\" content=\"article\" \/>\n<meta property=\"og:title\" content=\"Les &quot;normes&quot; sp\u00e9cifiques de la DGCCRF sont elle l\u00e9gales? - Morgane Louis-Gobin\" \/>\n<meta property=\"og:description\" content=\"Existence &#8211; ou PAS &#8211; d&rsquo;une base l\u00e9gale pour les contr\u00f4les de la DGCCRF(1) sur les c\u00e9ramiques alimentaires : limitesPour lire la suite ...Les \u00ab\u00a0normes\u00a0\u00bb sp\u00e9cifiques de la DGCCRF sont elle l\u00e9gales?\" \/>\n<meta property=\"og:url\" content=\"https:\/\/morganelouisgobin.com\/index.php\/2022\/05\/20\/les-normes-specifiques-de-la-dgccrf-sont-elle-legales\/\" \/>\n<meta property=\"og:site_name\" content=\"Morgane Louis-Gobin\" \/>\n<meta property=\"article:publisher\" content=\"https:\/\/www.facebook.com\/Ceramique.poterie.villarddelans.louisgobin\/\" \/>\n<meta property=\"article:published_time\" content=\"2022-05-19T23:04:52+00:00\" \/>\n<meta property=\"article:modified_time\" content=\"2022-11-23T14:15:15+00:00\" \/>\n<meta property=\"og:image\" content=\"https:\/\/morganelouisgobin.com\/wp-content\/uploads\/2022\/11\/Morgane_Louis_Gobin_ceramique_poterie_villard_de_lans_vercors_DGCCRF_normes_MCDA_france_alimentaire.png\" \/>\n\t<meta property=\"og:image:width\" content=\"779\" \/>\n\t<meta property=\"og:image:height\" content=\"580\" \/>\n\t<meta property=\"og:image:type\" content=\"image\/png\" \/>\n<meta name=\"author\" content=\"Morgane LOUIS-GOBIN\" \/>\n<meta name=\"twitter:card\" content=\"summary_large_image\" \/>\n<meta name=\"twitter:label1\" content=\"\u00c9crit par\" \/>\n\t<meta name=\"twitter:data1\" content=\"Morgane LOUIS-GOBIN\" \/>\n\t<meta name=\"twitter:label2\" content=\"Dur\u00e9e de lecture estim\u00e9e\" \/>\n\t<meta name=\"twitter:data2\" content=\"6 minutes\" \/>\n<script type=\"application\/ld+json\" class=\"yoast-schema-graph\">{\"@context\":\"https:\/\/schema.org\",\"@graph\":[{\"@type\":\"Article\",\"@id\":\"https:\/\/morganelouisgobin.com\/index.php\/2022\/05\/20\/les-normes-specifiques-de-la-dgccrf-sont-elle-legales\/#article\",\"isPartOf\":{\"@id\":\"https:\/\/morganelouisgobin.com\/index.php\/2022\/05\/20\/les-normes-specifiques-de-la-dgccrf-sont-elle-legales\/\"},\"author\":{\"name\":\"Morgane LOUIS-GOBIN\",\"@id\":\"https:\/\/morganelouisgobin.com\/#\/schema\/person\/6682a07b723fa893ffbdd984255e0531\"},\"headline\":\"Les \u00ab\u00a0normes\u00a0\u00bb sp\u00e9cifiques de la DGCCRF sont elle l\u00e9gales?\",\"datePublished\":\"2022-05-19T23:04:52+00:00\",\"dateModified\":\"2022-11-23T14:15:15+00:00\",\"mainEntityOfPage\":{\"@id\":\"https:\/\/morganelouisgobin.com\/index.php\/2022\/05\/20\/les-normes-specifiques-de-la-dgccrf-sont-elle-legales\/\"},\"wordCount\":1170,\"publisher\":{\"@id\":\"https:\/\/morganelouisgobin.com\/#organization\"},\"keywords\":[\"C\u00e9ramique\",\"C\u00e9ramique alimentaire\",\"DGCCRF\",\"R\u00e8glementation\",\"Risques sanitaires\",\"S\u00e9curit\u00e9 alimentaire\"],\"articleSection\":[\"C\u00e9ramique alimentaire\"],\"inLanguage\":\"fr-FR\"},{\"@type\":\"WebPage\",\"@id\":\"https:\/\/morganelouisgobin.com\/index.php\/2022\/05\/20\/les-normes-specifiques-de-la-dgccrf-sont-elle-legales\/\",\"url\":\"https:\/\/morganelouisgobin.com\/index.php\/2022\/05\/20\/les-normes-specifiques-de-la-dgccrf-sont-elle-legales\/\",\"name\":\"Les \\\"normes\\\" sp\u00e9cifiques de la DGCCRF sont elle l\u00e9gales? - Morgane Louis-Gobin\",\"isPartOf\":{\"@id\":\"https:\/\/morganelouisgobin.com\/#website\"},\"datePublished\":\"2022-05-19T23:04:52+00:00\",\"dateModified\":\"2022-11-23T14:15:15+00:00\",\"breadcrumb\":{\"@id\":\"https:\/\/morganelouisgobin.com\/index.php\/2022\/05\/20\/les-normes-specifiques-de-la-dgccrf-sont-elle-legales\/#breadcrumb\"},\"inLanguage\":\"fr-FR\",\"potentialAction\":[{\"@type\":\"ReadAction\",\"target\":[\"https:\/\/morganelouisgobin.com\/index.php\/2022\/05\/20\/les-normes-specifiques-de-la-dgccrf-sont-elle-legales\/\"]}]},{\"@type\":\"BreadcrumbList\",\"@id\":\"https:\/\/morganelouisgobin.com\/index.php\/2022\/05\/20\/les-normes-specifiques-de-la-dgccrf-sont-elle-legales\/#breadcrumb\",\"itemListElement\":[{\"@type\":\"ListItem\",\"position\":1,\"name\":\"Accueil\",\"item\":\"https:\/\/morganelouisgobin.com\/\"},{\"@type\":\"ListItem\",\"position\":2,\"name\":\"Les \u00ab\u00a0normes\u00a0\u00bb sp\u00e9cifiques de la DGCCRF sont elle l\u00e9gales?\"}]},{\"@type\":\"WebSite\",\"@id\":\"https:\/\/morganelouisgobin.com\/#website\",\"url\":\"https:\/\/morganelouisgobin.com\/\",\"name\":\"Morgane Louis-Gobin\",\"description\":\"C\u00e9ramiste et formatrice\",\"publisher\":{\"@id\":\"https:\/\/morganelouisgobin.com\/#organization\"},\"potentialAction\":[{\"@type\":\"SearchAction\",\"target\":{\"@type\":\"EntryPoint\",\"urlTemplate\":\"https:\/\/morganelouisgobin.com\/?s={search_term_string}\"},\"query-input\":\"required name=search_term_string\"}],\"inLanguage\":\"fr-FR\"},{\"@type\":\"Organization\",\"@id\":\"https:\/\/morganelouisgobin.com\/#organization\",\"name\":\"Morgane Louis-Gobin\",\"url\":\"https:\/\/morganelouisgobin.com\/\",\"logo\":{\"@type\":\"ImageObject\",\"inLanguage\":\"fr-FR\",\"@id\":\"https:\/\/morganelouisgobin.com\/#\/schema\/logo\/image\/\",\"url\":\"https:\/\/morganelouisgobin.com\/wp-content\/uploads\/2022\/11\/Morgane_Louis_Gobin_ceramique_poterie_villard_de_lans_vercors_Logo-couleur.png\",\"contentUrl\":\"https:\/\/morganelouisgobin.com\/wp-content\/uploads\/2022\/11\/Morgane_Louis_Gobin_ceramique_poterie_villard_de_lans_vercors_Logo-couleur.png\",\"width\":1499,\"height\":849,\"caption\":\"Morgane Louis-Gobin\"},\"image\":{\"@id\":\"https:\/\/morganelouisgobin.com\/#\/schema\/logo\/image\/\"},\"sameAs\":[\"https:\/\/www.facebook.com\/Ceramique.poterie.villarddelans.louisgobin\/\",\"https:\/\/www.facebook.com\/Reglementation.risques.chimiques.ceramique\/\",\"https:\/\/www.instagram.com\/morgane_louisgobin\/\",\"https:\/\/goo.gl\/maps\/sYzACC1Jy9Wyu9MW6\"]},{\"@type\":\"Person\",\"@id\":\"https:\/\/morganelouisgobin.com\/#\/schema\/person\/6682a07b723fa893ffbdd984255e0531\",\"name\":\"Morgane LOUIS-GOBIN\",\"image\":{\"@type\":\"ImageObject\",\"inLanguage\":\"fr-FR\",\"@id\":\"https:\/\/morganelouisgobin.com\/#\/schema\/person\/image\/\",\"url\":\"https:\/\/secure.gravatar.com\/avatar\/33496c1fe45f7a0c7f5349eedeae6888ea52fe4db85c91c4246d5384f53b50c8?s=96&d=mm&r=g\",\"contentUrl\":\"https:\/\/secure.gravatar.com\/avatar\/33496c1fe45f7a0c7f5349eedeae6888ea52fe4db85c91c4246d5384f53b50c8?s=96&d=mm&r=g\",\"caption\":\"Morgane LOUIS-GOBIN\"},\"sameAs\":[\"http:\/\/morganelouisgobin.com\"],\"url\":\"https:\/\/morganelouisgobin.com\/index.php\/author\/admin7377\/\"}]}<\/script>\n<!-- \/ Yoast SEO plugin. -->","yoast_head_json":{"title":"Les \"normes\" sp\u00e9cifiques de la DGCCRF sont elle l\u00e9gales? - Morgane Louis-Gobin","robots":{"index":"index","follow":"follow","max-snippet":"max-snippet:-1","max-image-preview":"max-image-preview:large","max-video-preview":"max-video-preview:-1"},"canonical":"https:\/\/morganelouisgobin.com\/index.php\/2022\/05\/20\/les-normes-specifiques-de-la-dgccrf-sont-elle-legales\/","og_locale":"fr_FR","og_type":"article","og_title":"Les \"normes\" sp\u00e9cifiques de la DGCCRF sont elle l\u00e9gales? - Morgane Louis-Gobin","og_description":"Existence &#8211; ou PAS &#8211; d&rsquo;une base l\u00e9gale pour les contr\u00f4les de la DGCCRF(1) sur les c\u00e9ramiques alimentaires : limitesPour lire la suite ...Les \u00ab\u00a0normes\u00a0\u00bb sp\u00e9cifiques de la DGCCRF sont elle l\u00e9gales?","og_url":"https:\/\/morganelouisgobin.com\/index.php\/2022\/05\/20\/les-normes-specifiques-de-la-dgccrf-sont-elle-legales\/","og_site_name":"Morgane Louis-Gobin","article_publisher":"https:\/\/www.facebook.com\/Ceramique.poterie.villarddelans.louisgobin\/","article_published_time":"2022-05-19T23:04:52+00:00","article_modified_time":"2022-11-23T14:15:15+00:00","og_image":[{"width":779,"height":580,"url":"https:\/\/morganelouisgobin.com\/wp-content\/uploads\/2022\/11\/Morgane_Louis_Gobin_ceramique_poterie_villard_de_lans_vercors_DGCCRF_normes_MCDA_france_alimentaire.png","type":"image\/png"}],"author":"Morgane LOUIS-GOBIN","twitter_card":"summary_large_image","twitter_misc":{"\u00c9crit par":"Morgane LOUIS-GOBIN","Dur\u00e9e de lecture estim\u00e9e":"6 minutes"},"schema":{"@context":"https:\/\/schema.org","@graph":[{"@type":"Article","@id":"https:\/\/morganelouisgobin.com\/index.php\/2022\/05\/20\/les-normes-specifiques-de-la-dgccrf-sont-elle-legales\/#article","isPartOf":{"@id":"https:\/\/morganelouisgobin.com\/index.php\/2022\/05\/20\/les-normes-specifiques-de-la-dgccrf-sont-elle-legales\/"},"author":{"name":"Morgane LOUIS-GOBIN","@id":"https:\/\/morganelouisgobin.com\/#\/schema\/person\/6682a07b723fa893ffbdd984255e0531"},"headline":"Les \u00ab\u00a0normes\u00a0\u00bb sp\u00e9cifiques de la DGCCRF sont elle l\u00e9gales?","datePublished":"2022-05-19T23:04:52+00:00","dateModified":"2022-11-23T14:15:15+00:00","mainEntityOfPage":{"@id":"https:\/\/morganelouisgobin.com\/index.php\/2022\/05\/20\/les-normes-specifiques-de-la-dgccrf-sont-elle-legales\/"},"wordCount":1170,"publisher":{"@id":"https:\/\/morganelouisgobin.com\/#organization"},"keywords":["C\u00e9ramique","C\u00e9ramique alimentaire","DGCCRF","R\u00e8glementation","Risques sanitaires","S\u00e9curit\u00e9 alimentaire"],"articleSection":["C\u00e9ramique alimentaire"],"inLanguage":"fr-FR"},{"@type":"WebPage","@id":"https:\/\/morganelouisgobin.com\/index.php\/2022\/05\/20\/les-normes-specifiques-de-la-dgccrf-sont-elle-legales\/","url":"https:\/\/morganelouisgobin.com\/index.php\/2022\/05\/20\/les-normes-specifiques-de-la-dgccrf-sont-elle-legales\/","name":"Les \"normes\" sp\u00e9cifiques de la DGCCRF sont elle l\u00e9gales? - Morgane Louis-Gobin","isPartOf":{"@id":"https:\/\/morganelouisgobin.com\/#website"},"datePublished":"2022-05-19T23:04:52+00:00","dateModified":"2022-11-23T14:15:15+00:00","breadcrumb":{"@id":"https:\/\/morganelouisgobin.com\/index.php\/2022\/05\/20\/les-normes-specifiques-de-la-dgccrf-sont-elle-legales\/#breadcrumb"},"inLanguage":"fr-FR","potentialAction":[{"@type":"ReadAction","target":["https:\/\/morganelouisgobin.com\/index.php\/2022\/05\/20\/les-normes-specifiques-de-la-dgccrf-sont-elle-legales\/"]}]},{"@type":"BreadcrumbList","@id":"https:\/\/morganelouisgobin.com\/index.php\/2022\/05\/20\/les-normes-specifiques-de-la-dgccrf-sont-elle-legales\/#breadcrumb","itemListElement":[{"@type":"ListItem","position":1,"name":"Accueil","item":"https:\/\/morganelouisgobin.com\/"},{"@type":"ListItem","position":2,"name":"Les \u00ab\u00a0normes\u00a0\u00bb sp\u00e9cifiques de la DGCCRF sont elle l\u00e9gales?"}]},{"@type":"WebSite","@id":"https:\/\/morganelouisgobin.com\/#website","url":"https:\/\/morganelouisgobin.com\/","name":"Morgane Louis-Gobin","description":"C\u00e9ramiste et formatrice","publisher":{"@id":"https:\/\/morganelouisgobin.com\/#organization"},"potentialAction":[{"@type":"SearchAction","target":{"@type":"EntryPoint","urlTemplate":"https:\/\/morganelouisgobin.com\/?s={search_term_string}"},"query-input":"required name=search_term_string"}],"inLanguage":"fr-FR"},{"@type":"Organization","@id":"https:\/\/morganelouisgobin.com\/#organization","name":"Morgane Louis-Gobin","url":"https:\/\/morganelouisgobin.com\/","logo":{"@type":"ImageObject","inLanguage":"fr-FR","@id":"https:\/\/morganelouisgobin.com\/#\/schema\/logo\/image\/","url":"https:\/\/morganelouisgobin.com\/wp-content\/uploads\/2022\/11\/Morgane_Louis_Gobin_ceramique_poterie_villard_de_lans_vercors_Logo-couleur.png","contentUrl":"https:\/\/morganelouisgobin.com\/wp-content\/uploads\/2022\/11\/Morgane_Louis_Gobin_ceramique_poterie_villard_de_lans_vercors_Logo-couleur.png","width":1499,"height":849,"caption":"Morgane Louis-Gobin"},"image":{"@id":"https:\/\/morganelouisgobin.com\/#\/schema\/logo\/image\/"},"sameAs":["https:\/\/www.facebook.com\/Ceramique.poterie.villarddelans.louisgobin\/","https:\/\/www.facebook.com\/Reglementation.risques.chimiques.ceramique\/","https:\/\/www.instagram.com\/morgane_louisgobin\/","https:\/\/goo.gl\/maps\/sYzACC1Jy9Wyu9MW6"]},{"@type":"Person","@id":"https:\/\/morganelouisgobin.com\/#\/schema\/person\/6682a07b723fa893ffbdd984255e0531","name":"Morgane LOUIS-GOBIN","image":{"@type":"ImageObject","inLanguage":"fr-FR","@id":"https:\/\/morganelouisgobin.com\/#\/schema\/person\/image\/","url":"https:\/\/secure.gravatar.com\/avatar\/33496c1fe45f7a0c7f5349eedeae6888ea52fe4db85c91c4246d5384f53b50c8?s=96&d=mm&r=g","contentUrl":"https:\/\/secure.gravatar.com\/avatar\/33496c1fe45f7a0c7f5349eedeae6888ea52fe4db85c91c4246d5384f53b50c8?s=96&d=mm&r=g","caption":"Morgane LOUIS-GOBIN"},"sameAs":["http:\/\/morganelouisgobin.com"],"url":"https:\/\/morganelouisgobin.com\/index.php\/author\/admin7377\/"}]}},"_links":{"self":[{"href":"https:\/\/morganelouisgobin.com\/index.php\/wp-json\/wp\/v2\/posts\/1092","targetHints":{"allow":["GET"]}}],"collection":[{"href":"https:\/\/morganelouisgobin.com\/index.php\/wp-json\/wp\/v2\/posts"}],"about":[{"href":"https:\/\/morganelouisgobin.com\/index.php\/wp-json\/wp\/v2\/types\/post"}],"author":[{"embeddable":true,"href":"https:\/\/morganelouisgobin.com\/index.php\/wp-json\/wp\/v2\/users\/1"}],"replies":[{"embeddable":true,"href":"https:\/\/morganelouisgobin.com\/index.php\/wp-json\/wp\/v2\/comments?post=1092"}],"version-history":[{"count":25,"href":"https:\/\/morganelouisgobin.com\/index.php\/wp-json\/wp\/v2\/posts\/1092\/revisions"}],"predecessor-version":[{"id":1761,"href":"https:\/\/morganelouisgobin.com\/index.php\/wp-json\/wp\/v2\/posts\/1092\/revisions\/1761"}],"wp:featuredmedia":[{"embeddable":true,"href":"https:\/\/morganelouisgobin.com\/index.php\/wp-json\/wp\/v2\/media\/1760"}],"wp:attachment":[{"href":"https:\/\/morganelouisgobin.com\/index.php\/wp-json\/wp\/v2\/media?parent=1092"}],"wp:term":[{"taxonomy":"category","embeddable":true,"href":"https:\/\/morganelouisgobin.com\/index.php\/wp-json\/wp\/v2\/categories?post=1092"},{"taxonomy":"post_tag","embeddable":true,"href":"https:\/\/morganelouisgobin.com\/index.php\/wp-json\/wp\/v2\/tags?post=1092"}],"curies":[{"name":"wp","href":"https:\/\/api.w.org\/{rel}","templated":true}]}}